{"id":1043,"date":"2021-03-08T09:00:25","date_gmt":"2021-03-08T08:00:25","guid":{"rendered":"https:\/\/juliocabrero.com\/2021\/03\/08\/julio-cabrero-cia-incremento-un-25-su-capacidad-de-produccion\/"},"modified":"2021-03-08T09:00:25","modified_gmt":"2021-03-08T08:00:25","slug":"julio-cabrero-cia-incremento-un-25-su-capacidad-de-produccion","status":"publish","type":"post","link":"https:\/\/juliocabrero.com\/fr\/2021\/03\/08\/julio-cabrero-cia-incremento-un-25-su-capacidad-de-produccion\/","title":{"rendered":"JULIO CABRERO &#038; C\u00cdA INCREMENT\u00d3 UN 25% SU CAPACIDAD DE PRODUCCI\u00d3N"},"content":{"rendered":"<p>La paletizaci\u00f3n es una fase cr\u00edtica del proceso productivo que afecta a la calidad de servicio, la trazabilidad y la eficiencia de la log\u00edstica; decisiva tambi\u00e9n para que el producto llegue a su destino correctamente identificado y en perfecto estado. Por este motivo, Julio Cabrero &amp; C\u00eda ha puesto en marcha un nuevo sistema automatizado de paletizaci\u00f3n en su f\u00e1brica de azufres de Requejada (Espa\u00f1a), con el objeto de consolidar su posici\u00f3n entre los principales fabricantes de azufre europeos, con importante presencia internacional.<\/p>\n<p>La medida se complementa con la creaci\u00f3n de una nueva planta generadora de nitr\u00f3geno. Ambas medidas en su conjunto suponen un incremento de la capacidad de producci\u00f3n de la compa\u00f1\u00eda estimado en el 25%. Este proyecto de mejora ha sido cofinanciado con el apoyo de fondos FEDER.<\/p>\n","protected":false},"excerpt":{"rendered":"<p>Puesta en marcha de un nuevo sistema automatizado de paletizaci\u00f3n, as\u00ed como la instalaci\u00f3n de una planta generadora de nitr\u00f3geno en la f\u00e1brica de azufres.<\/p>\n","protected":false},"author":1,"featured_media":429,"comment_status":"closed","ping_status":"closed","sticky":false,"template":"","format":"standard","meta":{"_monsterinsights_skip_tracking":false,"_monsterinsights_sitenote_active":false,"_monsterinsights_sitenote_note":"","_monsterinsights_sitenote_category":0,"footnotes":"","_links_to":"","_links_to_target":""},"categories":[3],"tags":[],"class_list":["post-1043","post","type-post","status-publish","format-standard","has-post-thumbnail","hentry","category-non-classifiee"],"yoast_head":"<!-- This site is optimized with the Yoast SEO plugin v19.6.1 - https:\/\/yoast.com\/wordpress\/plugins\/seo\/ -->\n<title>JULIO CABRERO &amp; C\u00cdA INCREMENT\u00d3 UN 25% SU CAPACIDAD DE PRODUCCI\u00d3N - Julio Cabrero<\/title>\n<meta name=\"robots\" content=\"index, follow, max-snippet:-1, max-image-preview:large, max-video-preview:-1\" \/>\n<link rel=\"canonical\" href=\"https:\/\/juliocabrero.com\/fr\/2021\/03\/08\/julio-cabrero-cia-incremento-un-25-su-capacidad-de-produccion\/\" \/>\n<meta property=\"og:locale\" content=\"fr_FR\" \/>\n<meta property=\"og:type\" content=\"article\" \/>\n<meta property=\"og:title\" content=\"JULIO CABRERO &amp; C\u00cdA INCREMENT\u00d3 UN 25% SU CAPACIDAD DE PRODUCCI\u00d3N - Julio Cabrero\" \/>\n<meta property=\"og:description\" content=\"Puesta en marcha de un nuevo sistema automatizado de paletizaci\u00f3n, as\u00ed como la instalaci\u00f3n de una planta generadora de nitr\u00f3geno en la f\u00e1brica de azufres.\" \/>\n<meta property=\"og:url\" content=\"https:\/\/juliocabrero.com\/fr\/2021\/03\/08\/julio-cabrero-cia-incremento-un-25-su-capacidad-de-produccion\/\" \/>\n<meta property=\"og:site_name\" content=\"Julio Cabrero\" \/>\n<meta property=\"article:published_time\" content=\"2021-03-08T08:00:25+00:00\" \/>\n<meta name=\"author\" content=\"admin\" \/>\n<meta name=\"twitter:card\" content=\"summary_large_image\" \/>\n<meta name=\"twitter:label1\" content=\"\u00c9crit par\" \/>\n\t<meta name=\"twitter:data1\" content=\"admin\" \/>\n\t<meta name=\"twitter:label2\" content=\"Dur\u00e9e de lecture estim\u00e9e\" \/>\n\t<meta name=\"twitter:data2\" content=\"1 minute\" \/>\n<script type=\"application\/ld+json\" class=\"yoast-schema-graph\">{\"@context\":\"https:\/\/schema.org\",\"@graph\":[{\"@type\":\"WebPage\",\"@id\":\"https:\/\/juliocabrero.com\/fr\/2021\/03\/08\/julio-cabrero-cia-incremento-un-25-su-capacidad-de-produccion\/\",\"url\":\"https:\/\/juliocabrero.com\/fr\/2021\/03\/08\/julio-cabrero-cia-incremento-un-25-su-capacidad-de-produccion\/\",\"name\":\"JULIO CABRERO & C\u00cdA INCREMENT\u00d3 UN 25% SU CAPACIDAD DE PRODUCCI\u00d3N - Julio Cabrero\",\"isPartOf\":{\"@id\":\"https:\/\/juliocabrero.com\/#website\"},\"datePublished\":\"2021-03-08T08:00:25+00:00\",\"dateModified\":\"2021-03-08T08:00:25+00:00\",\"author\":{\"@id\":\"https:\/\/juliocabrero.com\/#\/schema\/person\/f1d29bb2d21e526e5873738b21ccb8ae\"},\"breadcrumb\":{\"@id\":\"https:\/\/juliocabrero.com\/fr\/2021\/03\/08\/julio-cabrero-cia-incremento-un-25-su-capacidad-de-produccion\/#breadcrumb\"},\"inLanguage\":\"fr-FR\",\"potentialAction\":[{\"@type\":\"ReadAction\",\"target\":[\"https:\/\/juliocabrero.com\/fr\/2021\/03\/08\/julio-cabrero-cia-incremento-un-25-su-capacidad-de-produccion\/\"]}]},{\"@type\":\"BreadcrumbList\",\"@id\":\"https:\/\/juliocabrero.com\/fr\/2021\/03\/08\/julio-cabrero-cia-incremento-un-25-su-capacidad-de-produccion\/#breadcrumb\",\"itemListElement\":[{\"@type\":\"ListItem\",\"position\":1,\"name\":\"Portada\",\"item\":\"https:\/\/juliocabrero.com\/fr\/\"},{\"@type\":\"ListItem\",\"position\":2,\"name\":\"JULIO CABRERO &#038; C\u00cdA INCREMENT\u00d3 UN 25% SU CAPACIDAD DE PRODUCCI\u00d3N\"}]},{\"@type\":\"WebSite\",\"@id\":\"https:\/\/juliocabrero.com\/#website\",\"url\":\"https:\/\/juliocabrero.com\/\",\"name\":\"Julio Cabrero\",\"description\":\"Azufres solubles micronizados\",\"potentialAction\":[{\"@type\":\"SearchAction\",\"target\":{\"@type\":\"EntryPoint\",\"urlTemplate\":\"https:\/\/juliocabrero.com\/?s={search_term_string}\"},\"query-input\":\"required name=search_term_string\"}],\"inLanguage\":\"fr-FR\"},{\"@type\":\"Person\",\"@id\":\"https:\/\/juliocabrero.com\/#\/schema\/person\/f1d29bb2d21e526e5873738b21ccb8ae\",\"name\":\"admin\"}]}<\/script>\n<!-- \/ Yoast SEO plugin. -->","yoast_head_json":{"title":"JULIO CABRERO & C\u00cdA INCREMENT\u00d3 UN 25% SU CAPACIDAD DE PRODUCCI\u00d3N - Julio Cabrero","robots":{"index":"index","follow":"follow","max-snippet":"max-snippet:-1","max-image-preview":"max-image-preview:large","max-video-preview":"max-video-preview:-1"},"canonical":"https:\/\/juliocabrero.com\/fr\/2021\/03\/08\/julio-cabrero-cia-incremento-un-25-su-capacidad-de-produccion\/","og_locale":"fr_FR","og_type":"article","og_title":"JULIO CABRERO & C\u00cdA INCREMENT\u00d3 UN 25% SU CAPACIDAD DE PRODUCCI\u00d3N - Julio Cabrero","og_description":"Puesta en marcha de un nuevo sistema automatizado de paletizaci\u00f3n, as\u00ed como la instalaci\u00f3n de una planta generadora de nitr\u00f3geno en la f\u00e1brica de azufres.","og_url":"https:\/\/juliocabrero.com\/fr\/2021\/03\/08\/julio-cabrero-cia-incremento-un-25-su-capacidad-de-produccion\/","og_site_name":"Julio Cabrero","article_published_time":"2021-03-08T08:00:25+00:00","author":"admin","twitter_card":"summary_large_image","twitter_misc":{"\u00c9crit par":"admin","Dur\u00e9e de lecture estim\u00e9e":"1 minute"},"schema":{"@context":"https:\/\/schema.org","@graph":[{"@type":"WebPage","@id":"https:\/\/juliocabrero.com\/fr\/2021\/03\/08\/julio-cabrero-cia-incremento-un-25-su-capacidad-de-produccion\/","url":"https:\/\/juliocabrero.com\/fr\/2021\/03\/08\/julio-cabrero-cia-incremento-un-25-su-capacidad-de-produccion\/","name":"JULIO CABRERO & C\u00cdA INCREMENT\u00d3 UN 25% SU CAPACIDAD DE PRODUCCI\u00d3N - Julio Cabrero","isPartOf":{"@id":"https:\/\/juliocabrero.com\/#website"},"datePublished":"2021-03-08T08:00:25+00:00","dateModified":"2021-03-08T08:00:25+00:00","author":{"@id":"https:\/\/juliocabrero.com\/#\/schema\/person\/f1d29bb2d21e526e5873738b21ccb8ae"},"breadcrumb":{"@id":"https:\/\/juliocabrero.com\/fr\/2021\/03\/08\/julio-cabrero-cia-incremento-un-25-su-capacidad-de-produccion\/#breadcrumb"},"inLanguage":"fr-FR","potentialAction":[{"@type":"ReadAction","target":["https:\/\/juliocabrero.com\/fr\/2021\/03\/08\/julio-cabrero-cia-incremento-un-25-su-capacidad-de-produccion\/"]}]},{"@type":"BreadcrumbList","@id":"https:\/\/juliocabrero.com\/fr\/2021\/03\/08\/julio-cabrero-cia-incremento-un-25-su-capacidad-de-produccion\/#breadcrumb","itemListElement":[{"@type":"ListItem","position":1,"name":"Portada","item":"https:\/\/juliocabrero.com\/fr\/"},{"@type":"ListItem","position":2,"name":"JULIO CABRERO &#038; C\u00cdA INCREMENT\u00d3 UN 25% SU CAPACIDAD DE PRODUCCI\u00d3N"}]},{"@type":"WebSite","@id":"https:\/\/juliocabrero.com\/#website","url":"https:\/\/juliocabrero.com\/","name":"Julio Cabrero","description":"Azufres solubles micronizados","potentialAction":[{"@type":"SearchAction","target":{"@type":"EntryPoint","urlTemplate":"https:\/\/juliocabrero.com\/?s={search_term_string}"},"query-input":"required name=search_term_string"}],"inLanguage":"fr-FR"},{"@type":"Person","@id":"https:\/\/juliocabrero.com\/#\/schema\/person\/f1d29bb2d21e526e5873738b21ccb8ae","name":"admin"}]}},"_links":{"self":[{"href":"https:\/\/juliocabrero.com\/fr\/wp-json\/wp\/v2\/posts\/1043","targetHints":{"allow":["GET"]}}],"collection":[{"href":"https:\/\/juliocabrero.com\/fr\/wp-json\/wp\/v2\/posts"}],"about":[{"href":"https:\/\/juliocabrero.com\/fr\/wp-json\/wp\/v2\/types\/post"}],"author":[{"embeddable":true,"href":"https:\/\/juliocabrero.com\/fr\/wp-json\/wp\/v2\/users\/1"}],"replies":[{"embeddable":true,"href":"https:\/\/juliocabrero.com\/fr\/wp-json\/wp\/v2\/comments?post=1043"}],"version-history":[{"count":0,"href":"https:\/\/juliocabrero.com\/fr\/wp-json\/wp\/v2\/posts\/1043\/revisions"}],"wp:featuredmedia":[{"embeddable":true,"href":"https:\/\/juliocabrero.com\/fr\/wp-json\/wp\/v2\/media\/429"}],"wp:attachment":[{"href":"https:\/\/juliocabrero.com\/fr\/wp-json\/wp\/v2\/media?parent=1043"}],"wp:term":[{"taxonomy":"category","embeddable":true,"href":"https:\/\/juliocabrero.com\/fr\/wp-json\/wp\/v2\/categories?post=1043"},{"taxonomy":"post_tag","embeddable":true,"href":"https:\/\/juliocabrero.com\/fr\/wp-json\/wp\/v2\/tags?post=1043"}],"curies":[{"name":"wp","href":"https:\/\/api.w.org\/{rel}","templated":true}]}}